{"id":1608,"date":"2020-01-13T10:44:40","date_gmt":"2020-01-13T09:44:40","guid":{"rendered":"http:\/\/dejalink.fr\/?p=1608"},"modified":"2020-09-14T08:15:22","modified_gmt":"2020-09-14T06:15:22","slug":"deja-link-aux-trophees-annuels-caractere-les-stars-de-limprimerie","status":"publish","type":"post","link":"https:\/\/www.dejalink.fr\/index.php\/2020\/01\/13\/deja-link-aux-trophees-annuels-caractere-les-stars-de-limprimerie\/","title":{"rendered":"Laurent Caviale, dirigeant de DEJA LINK, laur\u00e9at \u00e0 la soir\u00e9e \u00ab les stars de l\u2019imprimerie \u00bb 2019."},"content":{"rendered":"\t\t<div data-elementor-type=\"wp-post\" data-elementor-id=\"1608\" class=\"elementor elementor-1608\">\n\t\t\t\t\t\t<section class=\"elementor-section elementor-top-section elementor-element elementor-element-c8d70b7 elementor-section-stretched elementor-section-full_width elementor-section-height-min-height elementor-section-height-default elementor-section-items-middle\" data-id=\"c8d70b7\" data-element_type=\"section\" data-e-type=\"section\" data-settings=\"{&quot;background_background&quot;:&quot;classic&quot;,&quot;stretch_section&quot;:&quot;section-stretched&quot;}\">\n\t\t\t\t\t\t<div class=\"elementor-container elementor-column-gap-wider\">\n\t\t\t\t\t<div class=\"elementor-column elementor-col-25 elementor-top-column elementor-element elementor-element-54b4e44b\" data-id=\"54b4e44b\" data-element_type=\"column\" data-e-type=\"column\">\n\t\t\t<div class=\"elementor-widget-wrap elementor-element-populated\">\n\t\t\t\t\t\t<div class=\"elementor-element elementor-element-62534fe8 elementor-widget elementor-widget-image\" data-id=\"62534fe8\" data-element_type=\"widget\" data-e-type=\"widget\" data-widget_type=\"image.default\">\n\t\t\t\t<div class=\"elementor-widget-container\">\n\t\t\t\t\t\t\t\t\t\t\t\t\t\t\t<img fetchpriority=\"high\" decoding=\"async\" width=\"525\" height=\"349\" src=\"https:\/\/www.dejalink.fr\/wp-content\/uploads\/2020\/01\/Caract\u00e8re_salle_750.jpg\" class=\"elementor-animation-grow attachment-large size-large wp-image-1619\" alt=\"\" srcset=\"https:\/\/www.dejalink.fr\/wp-content\/uploads\/2020\/01\/Caract\u00e8re_salle_750.jpg 750w, https:\/\/www.dejalink.fr\/wp-content\/uploads\/2020\/01\/Caract\u00e8re_salle_750-300x200.jpg 300w\" sizes=\"100vw\" \/>\t\t\t\t\t\t\t\t\t\t\t\t\t\t\t<\/div>\n\t\t\t\t<\/div>\n\t\t\t\t\t<\/div>\n\t\t<\/div>\n\t\t\t\t<div class=\"elementor-column elementor-col-50 elementor-top-column elementor-element elementor-element-4cda3ae2\" data-id=\"4cda3ae2\" data-element_type=\"column\" data-e-type=\"column\">\n\t\t\t<div class=\"elementor-widget-wrap elementor-element-populated\">\n\t\t\t\t\t\t<div class=\"elementor-element elementor-element-fd357ae elementor-widget elementor-widget-image\" data-id=\"fd357ae\" data-element_type=\"widget\" data-e-type=\"widget\" data-widget_type=\"image.default\">\n\t\t\t\t<div class=\"elementor-widget-container\">\n\t\t\t\t\t\t\t\t\t\t\t\t\t\t\t<img decoding=\"async\" width=\"525\" height=\"394\" src=\"https:\/\/www.dejalink.fr\/wp-content\/uploads\/2020\/01\/IMG_1711-768x576.jpg\" class=\"elementor-animation-grow attachment-medium_large size-medium_large wp-image-1620\" alt=\"\" srcset=\"https:\/\/www.dejalink.fr\/wp-content\/uploads\/2020\/01\/IMG_1711-768x576.jpg 768w, https:\/\/www.dejalink.fr\/wp-content\/uploads\/2020\/01\/IMG_1711-300x225.jpg 300w, https:\/\/www.dejalink.fr\/wp-content\/uploads\/2020\/01\/IMG_1711-1024x768.jpg 1024w, https:\/\/www.dejalink.fr\/wp-content\/uploads\/2020\/01\/IMG_1711-1536x1152.jpg 1536w, https:\/\/www.dejalink.fr\/wp-content\/uploads\/2020\/01\/IMG_1711-2048x1536.jpg 2048w\" sizes=\"100vw\" \/>\t\t\t\t\t\t\t\t\t\t\t\t\t\t\t<\/div>\n\t\t\t\t<\/div>\n\t\t\t\t<div class=\"elementor-element elementor-element-fe91935 elementor-widget elementor-widget-text-editor\" data-id=\"fe91935\" data-element_type=\"widget\" data-e-type=\"widget\" data-widget_type=\"text-editor.default\">\n\t\t\t\t<div class=\"elementor-widget-container\">\n\t\t\t\t\t\t\t\t\t<p>Le 12 d\u00e9cembre 2019, dans le salon Op\u00e9ra de l\u2019h\u00f4tel InterContinental Paris Le Grand, \u00e0 la soir\u00e9e annuelle organis\u00e9e par \u00ab Caract\u00e8re \u00bb, <b>Laurent Caviale, pr\u00e9sident de DEJA LINK<\/b>, re\u00e7oit<b><br \/>le troph\u00e9e de \u00abl\u2019Entrepreneur\u00bb <\/b>parmi plus de 300 professionnels de l\u2019imprim\u00e9.<br \/><b>Sa devise : \u00eatre toujours en mouvement !<span class=\"Apple-converted-space\"><br \/><\/span><\/b>Laurent Caviale ne cache pas qu\u2019entreprendre n\u2019est pas de tout repos : <em>\u00abIl y a eu des p\u00e9riodes difficiles. Mais nous avons su rebondir au fil des ann\u00e9es, gr\u00e2ce \u00e0 une \u00e9quipe fid\u00e8le et volontaire, en r\u00e9alisant notamment de la croissance externe\u00bb<\/em><\/p>\t\t\t\t\t\t\t\t<\/div>\n\t\t\t\t<\/div>\n\t\t\t\t\t<\/div>\n\t\t<\/div>\n\t\t\t\t<div class=\"elementor-column elementor-col-25 elementor-top-column elementor-element elementor-element-7533a3d1\" data-id=\"7533a3d1\" data-element_type=\"column\" data-e-type=\"column\">\n\t\t\t<div class=\"elementor-widget-wrap elementor-element-populated\">\n\t\t\t\t\t\t<div class=\"elementor-element elementor-element-2eabfd5d elementor-widget elementor-widget-image\" data-id=\"2eabfd5d\" data-element_type=\"widget\" data-e-type=\"widget\" data-widget_type=\"image.default\">\n\t\t\t\t<div class=\"elementor-widget-container\">\n\t\t\t\t\t\t\t\t\t\t\t\t\t\t\t<img decoding=\"async\" width=\"525\" height=\"700\" src=\"https:\/\/www.dejalink.fr\/wp-content\/uploads\/2020\/01\/IMG_3326-768x1024.jpg\" class=\"elementor-animation-grow attachment-large size-large wp-image-1621\" alt=\"\" srcset=\"https:\/\/www.dejalink.fr\/wp-content\/uploads\/2020\/01\/IMG_3326-768x1024.jpg 768w, https:\/\/www.dejalink.fr\/wp-content\/uploads\/2020\/01\/IMG_3326-225x300.jpg 225w, https:\/\/www.dejalink.fr\/wp-content\/uploads\/2020\/01\/IMG_3326-1152x1536.jpg 1152w, https:\/\/www.dejalink.fr\/wp-content\/uploads\/2020\/01\/IMG_3326-1536x2048.jpg 1536w, https:\/\/www.dejalink.fr\/wp-content\/uploads\/2020\/01\/IMG_3326-scaled.jpg 1920w\" sizes=\"100vw\" \/>\t\t\t\t\t\t\t\t\t\t\t\t\t\t\t<\/div>\n\t\t\t\t<\/div>\n\t\t\t\t\t<\/div>\n\t\t<\/div>\n\t\t\t\t\t<\/div>\n\t\t<\/section>\n\t\t\t\t<section class=\"elementor-section elementor-top-section elementor-element elementor-element-fb46e0a elementor-section-content-middle elementor-section-stretched elementor-section-full_width elementor-section-height-default elementor-section-height-default\" data-id=\"fb46e0a\" data-element_type=\"section\" data-e-type=\"section\" data-settings=\"{&quot;background_background&quot;:&quot;classic&quot;,&quot;stretch_section&quot;:&quot;section-stretched&quot;}\">\n\t\t\t\t\t\t<div class=\"elementor-container elementor-column-gap-no\">\n\t\t\t\t\t<div class=\"elementor-column elementor-col-100 elementor-top-column elementor-element elementor-element-a7b07ac\" data-id=\"a7b07ac\" data-element_type=\"column\" data-e-type=\"column\">\n\t\t\t<div class=\"elementor-widget-wrap elementor-element-populated\">\n\t\t\t\t\t\t<div class=\"elementor-element elementor-element-6e5a1b01 elementor-widget elementor-widget-heading\" data-id=\"6e5a1b01\" data-element_type=\"widget\" data-e-type=\"widget\" data-widget_type=\"heading.default\">\n\t\t\t\t<div class=\"elementor-widget-container\">\n\t\t\t\t\t<h4 class=\"elementor-heading-title elementor-size-default\">Pour plus d'informations :<\/h4>\t\t\t\t<\/div>\n\t\t\t\t<\/div>\n\t\t\t\t<div class=\"elementor-element elementor-element-3ecea68d elementor-align-center elementor-button-info elementor-widget elementor-widget-button\" data-id=\"3ecea68d\" data-element_type=\"widget\" data-e-type=\"widget\" data-widget_type=\"button.default\">\n\t\t\t\t<div class=\"elementor-widget-container\">\n\t\t\t\t\t\t\t\t\t<div class=\"elementor-button-wrapper\">\n\t\t\t\t\t<a class=\"elementor-button elementor-button-link elementor-size-sm elementor-animation-grow\" href=\"https:\/\/www.caractere.net\/caractere-net\/l-image-de-la-semaine\/item\/caractere-a-organise-sa-soiree-des-stars-de-l-imprimerie-2\">\n\t\t\t\t\t\t<span class=\"elementor-button-content-wrapper\">\n\t\t\t\t\t\t\t\t\t<span class=\"elementor-button-text\">Caract\u00e8re<\/span>\n\t\t\t\t\t<\/span>\n\t\t\t\t\t<\/a>\n\t\t\t\t<\/div>\n\t\t\t\t\t\t\t\t<\/div>\n\t\t\t\t<\/div>\n\t\t\t\t<div class=\"elementor-element elementor-element-c7361b2 elementor-align-center elementor-button-info elementor-widget elementor-widget-button\" data-id=\"c7361b2\" data-element_type=\"widget\" data-e-type=\"widget\" data-widget_type=\"button.default\">\n\t\t\t\t<div class=\"elementor-widget-container\">\n\t\t\t\t\t\t\t\t\t<div class=\"elementor-button-wrapper\">\n\t\t\t\t\t<a class=\"elementor-button elementor-button-link elementor-size-sm elementor-animation-grow\" href=\"https:\/\/uniic.org\/les-stars-de-limprimerie\/\">\n\t\t\t\t\t\t<span class=\"elementor-button-content-wrapper\">\n\t\t\t\t\t\t\t\t\t<span class=\"elementor-button-text\">Uniic<\/span>\n\t\t\t\t\t<\/span>\n\t\t\t\t\t<\/a>\n\t\t\t\t<\/div>\n\t\t\t\t\t\t\t\t<\/div>\n\t\t\t\t<\/div>\n\t\t\t\t<div class=\"elementor-element elementor-element-e22d61a elementor-align-center elementor-button-info elementor-widget elementor-widget-button\" data-id=\"e22d61a\" data-element_type=\"widget\" data-e-type=\"widget\" data-widget_type=\"button.default\">\n\t\t\t\t<div class=\"elementor-widget-container\">\n\t\t\t\t\t\t\t\t\t<div class=\"elementor-button-wrapper\">\n\t\t\t\t\t<a class=\"elementor-button elementor-button-link elementor-size-sm elementor-animation-grow\" href=\"https:\/\/www.industriesgraphiques.fr\/index.php\/220-base\/9850-la-soiree-des-stars-de-l-imprimerie\">\n\t\t\t\t\t\t<span class=\"elementor-button-content-wrapper\">\n\t\t\t\t\t\t\t\t\t<span class=\"elementor-button-text\">Industries Graphiques<\/span>\n\t\t\t\t\t<\/span>\n\t\t\t\t\t<\/a>\n\t\t\t\t<\/div>\n\t\t\t\t\t\t\t\t<\/div>\n\t\t\t\t<\/div>\n\t\t\t\t\t<\/div>\n\t\t<\/div>\n\t\t\t\t\t<\/div>\n\t\t<\/section>\n\t\t\t\t<\/div>\n\t\t","protected":false},"excerpt":{"rendered":"<p>Le 12 d\u00e9cembre 2019, dans le salon Op\u00e9ra de l\u2019h\u00f4tel InterContinental Paris Le Grand, \u00e0 la soir\u00e9e annuelle organis\u00e9e par \u00ab Caract\u00e8re \u00bb, Laurent Caviale, pr\u00e9sident de DEJA LINK, re\u00e7oit le troph\u00e9e de \u00abl\u2019Entrepreneur\u00bb parmi plus de 300 professionnels de l\u2019imprim\u00e9. Sa devise : \u00eatre toujours en mouvement ! Laurent Caviale ne cache pas qu\u2019entreprendre &hellip; <\/p>\n<p class=\"link-more\"><a href=\"https:\/\/www.dejalink.fr\/index.php\/2020\/01\/13\/deja-link-aux-trophees-annuels-caractere-les-stars-de-limprimerie\/\" class=\"more-link\">Continuer la lecture<span class=\"screen-reader-text\"> de &laquo;&nbsp;Laurent Caviale, dirigeant de DEJA LINK, laur\u00e9at \u00e0 la soir\u00e9e \u00ab les stars de l\u2019imprimerie \u00bb 2019.&nbsp;&raquo;<\/span><\/a><\/p>\n","protected":false},"author":2,"featured_media":0,"comment_status":"open","ping_status":"open","sticky":false,"template":"","format":"standard","meta":{"footnotes":""},"categories":[1],"tags":[],"class_list":["post-1608","post","type-post","status-publish","format-standard","hentry","category-non-classe"],"_links":{"self":[{"href":"https:\/\/www.dejalink.fr\/index.php\/wp-json\/wp\/v2\/posts\/1608","targetHints":{"allow":["GET"]}}],"collection":[{"href":"https:\/\/www.dejalink.fr\/index.php\/wp-json\/wp\/v2\/posts"}],"about":[{"href":"https:\/\/www.dejalink.fr\/index.php\/wp-json\/wp\/v2\/types\/post"}],"author":[{"embeddable":true,"href":"https:\/\/www.dejalink.fr\/index.php\/wp-json\/wp\/v2\/users\/2"}],"replies":[{"embeddable":true,"href":"https:\/\/www.dejalink.fr\/index.php\/wp-json\/wp\/v2\/comments?post=1608"}],"version-history":[{"count":16,"href":"https:\/\/www.dejalink.fr\/index.php\/wp-json\/wp\/v2\/posts\/1608\/revisions"}],"predecessor-version":[{"id":1847,"href":"https:\/\/www.dejalink.fr\/index.php\/wp-json\/wp\/v2\/posts\/1608\/revisions\/1847"}],"wp:attachment":[{"href":"https:\/\/www.dejalink.fr\/index.php\/wp-json\/wp\/v2\/media?parent=1608"}],"wp:term":[{"taxonomy":"category","embeddable":true,"href":"https:\/\/www.dejalink.fr\/index.php\/wp-json\/wp\/v2\/categories?post=1608"},{"taxonomy":"post_tag","embeddable":true,"href":"https:\/\/www.dejalink.fr\/index.php\/wp-json\/wp\/v2\/tags?post=1608"}],"curies":[{"name":"wp","href":"https:\/\/api.w.org\/{rel}","templated":true}]}}